{"id":180,"date":"2017-01-11T15:58:10","date_gmt":"2017-01-11T17:58:10","guid":{"rendered":"https:\/\/lets.events\/newblog\/e-mag-curtindo-as-ferias-adoidado\/"},"modified":"2023-06-13T16:54:07","modified_gmt":"2023-06-13T19:54:07","slug":"e-mag-curtindo-as-ferias-adoidado","status":"publish","type":"post","link":"https:\/\/lets.events\/blog\/e-mag-curtindo-as-ferias-adoidado\/","title":{"rendered":"E-MAG: Curtindo as f\u00e9rias adoidado"},"content":{"rendered":"<p><!--kg-card-begin: markdown--><\/p>\n<p>Ah, janeiro! F\u00e9rias, ver\u00e3o, calor, cerveja! E muita m\u00fasica pra embalar, \u00e9 claro \ud83d\ude09<\/p>\n<p>Essa semana nossa programa\u00e7\u00e3o est\u00e1 imperd\u00edvel. Tem atra\u00e7\u00f5es para todos os gostos, come\u00e7ando com o <a href=\"https:\/\/www.facebook.com\/events\/912465695521523\/\">show aut\u00eantico, extravagante e muito autoral do Johnny Hooker<\/a>. O recifense, que despontou nas m\u00eddias em 2016, faz seu \u00faltimo show da turn\u00ea cantando seus maiores sucessos, incluindo a super divertida \u201cEu Vou Fazer Macumba Pra Te Amarrar, Maldito!\u201d, que d\u00e1 nome ao disco.<\/p>\n<p><a href=\"https:\/\/lets.events\/events\/utopica-marcenaria-show-com-raga-mofe\"><img decoding=\"async\" src=\"https:\/\/blog.lets.events\/wp-content\/uploads\/2017\/01\/JAN-semana-09-a-13-19.png\" alt=\"\" \/><\/a><\/p>\n<p>Descendo um pouquinho o mapa do Brasil, saindo de Recife e aterrissando na Bahia, terra de muito ax\u00e9 e calor humano. Quem gosta do ritmo n\u00e3o pode perder o show com Raga Mofe na Ut\u00f3pica Marcenaria, tocando de \u00c9 o Tchan aos reis Gil e Ca\u00ea. Quer participar? <a href=\"https:\/\/lets.events\/events\/utopica-marcenaria-show-com-raga-mofe\">Vem, que o Lets facilita!<\/a><\/p>\n<p>Como o bom e velho rock\u00b4n\u00b4roll n\u00e3o pode deixar de aparecer aqui no Lets, vai ter show cover em dose dupla: Coldplay e Red Hot Chili Peppers. <a href=\"http:\/\/circuitodorock.com.br\/programacao\/detalhes?data=2017-01-14&amp;casa=lord\">A festa acontece no Lord<\/a>, mas o circuito do Rock facilita sua vida e te deixa livre para peregrinar entre as casas, que ainda inclui Circus e Jack Rock Bar. Boa divers\u00e3o!<\/p>\n<p>Se a pedida \u00e9 Floripa, com muito sol, surf e gente bonita, nossa dica \u00e9 pegar uma gelada e <a href=\"https:\/\/www.facebook.com\/events\/384969481847897\/\">curtir o som do Dig\u00e3o, dos Raimundos, e Binho Nunes no John Bull.<\/a><\/p>\n<p><!--kg-card-end: markdown--><\/p>\n","protected":false},"excerpt":{"rendered":"<p>Ah, janeiro! F\u00e9rias, ver\u00e3o, calor, cerveja! E muita m\u00fasica pra embalar, \u00e9 claro \ud83d\ude09 Essa semana nossa programa\u00e7\u00e3o est\u00e1 imperd\u00edvel. Tem atra\u00e7\u00f5es para todos os<\/p>\n","protected":false},"author":1,"featured_media":170,"comment_status":"open","ping_status":"open","sticky":false,"template":"","format":"standard","meta":{"footnotes":"","jetpack_publicize_message":"","jetpack_is_tweetstorm":false,"jetpack_publicize_feature_enabled":true,"jetpack_social_post_already_shared":false,"jetpack_social_options":[]},"categories":[23],"tags":[3],"class_list":["post-180","post","type-post","status-publish","format-standard","has-post-thumbnail","hentry","category-eventos","tag-eventos"],"jetpack_publicize_connections":[],"yoast_head":"<!-- This site is optimized with the Yoast SEO Premium plugin v21.5 (Yoast SEO v21.5) - https:\/\/yoast.com\/wordpress\/plugins\/seo\/ -->\n<title>E-MAG: Curtindo as f\u00e9rias adoidado - Lets Blog<\/title>\n<meta name=\"description\" content=\"Entre no clima de f\u00e9rias com o E-MAG: Curtindo as f\u00e9rias adoidado. Descubra dicas incr\u00edveis para aproveitar ao m\u00e1ximo seu tempo livre!\" \/>\n<meta name=\"robots\" content=\"index, follow, max-snippet:-1, max-image-preview:large, max-video-preview:-1\" \/>\n<link rel=\"canonical\" href=\"https:\/\/lets.events\/blog\/e-mag-curtindo-as-ferias-adoidado\/\" \/>\n<meta name=\"twitter:label1\" content=\"Escrito por\" \/>\n\t<meta name=\"twitter:data1\" content=\"admin\" \/>\n\t<meta name=\"twitter:label2\" content=\"Est. tempo de leitura\" \/>\n\t<meta name=\"twitter:data2\" content=\"2 minutos\" \/>\n<script type=\"application\/ld+json\" class=\"yoast-schema-graph\">{\"@context\":\"https:\/\/schema.org\",\"@graph\":[{\"@type\":\"Article\",\"@id\":\"https:\/\/lets.events\/blog\/e-mag-curtindo-as-ferias-adoidado\/#article\",\"isPartOf\":{\"@id\":\"https:\/\/lets.events\/blog\/e-mag-curtindo-as-ferias-adoidado\/\"},\"author\":{\"name\":\"admin\",\"@id\":\"https:\/\/lets.events\/blog\/#\/schema\/person\/90389c0bd6952b46e01c28a847a0d212\"},\"headline\":\"E-MAG: Curtindo as f\u00e9rias adoidado\",\"datePublished\":\"2017-01-11T17:58:10+00:00\",\"dateModified\":\"2023-06-13T19:54:07+00:00\",\"mainEntityOfPage\":{\"@id\":\"https:\/\/lets.events\/blog\/e-mag-curtindo-as-ferias-adoidado\/\"},\"wordCount\":233,\"commentCount\":0,\"publisher\":{\"@id\":\"https:\/\/lets.events\/blog\/#organization\"},\"keywords\":[\"Eventos\"],\"articleSection\":[\"Eventos\"],\"inLanguage\":\"pt-BR\",\"potentialAction\":[{\"@type\":\"CommentAction\",\"name\":\"Comment\",\"target\":[\"https:\/\/lets.events\/blog\/e-mag-curtindo-as-ferias-adoidado\/#respond\"]}]},{\"@type\":\"WebPage\",\"@id\":\"https:\/\/lets.events\/blog\/e-mag-curtindo-as-ferias-adoidado\/\",\"url\":\"https:\/\/lets.events\/blog\/e-mag-curtindo-as-ferias-adoidado\/\",\"name\":\"E-MAG: Curtindo as f\u00e9rias adoidado - Lets Blog\",\"isPartOf\":{\"@id\":\"https:\/\/lets.events\/blog\/#website\"},\"datePublished\":\"2017-01-11T17:58:10+00:00\",\"dateModified\":\"2023-06-13T19:54:07+00:00\",\"description\":\"Entre no clima de f\u00e9rias com o E-MAG: Curtindo as f\u00e9rias adoidado. Descubra dicas incr\u00edveis para aproveitar ao m\u00e1ximo seu tempo livre!\",\"breadcrumb\":{\"@id\":\"https:\/\/lets.events\/blog\/e-mag-curtindo-as-ferias-adoidado\/#breadcrumb\"},\"inLanguage\":\"pt-BR\",\"potentialAction\":[{\"@type\":\"ReadAction\",\"target\":[\"https:\/\/lets.events\/blog\/e-mag-curtindo-as-ferias-adoidado\/\"]}]},{\"@type\":\"BreadcrumbList\",\"@id\":\"https:\/\/lets.events\/blog\/e-mag-curtindo-as-ferias-adoidado\/#breadcrumb\",\"itemListElement\":[{\"@type\":\"ListItem\",\"position\":1,\"name\":\"In\u00edcio\",\"item\":\"https:\/\/lets.events\/blog\/\"},{\"@type\":\"ListItem\",\"position\":2,\"name\":\"E-MAG: Curtindo as f\u00e9rias adoidado\"}]},{\"@type\":\"WebSite\",\"@id\":\"https:\/\/lets.events\/blog\/#website\",\"url\":\"https:\/\/lets.events\/blog\/\",\"name\":\"Lets Blog\",\"description\":\"As melhores dicas para que o seu evento seja um sucesso! ;)\",\"publisher\":{\"@id\":\"https:\/\/lets.events\/blog\/#organization\"},\"potentialAction\":[{\"@type\":\"SearchAction\",\"target\":{\"@type\":\"EntryPoint\",\"urlTemplate\":\"https:\/\/lets.events\/blog\/?s={search_term_string}\"},\"query-input\":\"required name=search_term_string\"}],\"inLanguage\":\"pt-BR\"},{\"@type\":\"Organization\",\"@id\":\"https:\/\/lets.events\/blog\/#organization\",\"name\":\"Lets.Events\",\"url\":\"https:\/\/lets.events\/blog\/\",\"logo\":{\"@type\":\"ImageObject\",\"inLanguage\":\"pt-BR\",\"@id\":\"https:\/\/lets.events\/blog\/#\/schema\/logo\/image\/\",\"url\":\"https:\/\/lets.events\/blog\/wp-content\/uploads\/2022\/07\/logo-rodape\u0301.png\",\"contentUrl\":\"https:\/\/lets.events\/blog\/wp-content\/uploads\/2022\/07\/logo-rodape\u0301.png\",\"width\":800,\"height\":800,\"caption\":\"Lets.Events\"},\"image\":{\"@id\":\"https:\/\/lets.events\/blog\/#\/schema\/logo\/image\/\"},\"sameAs\":[\"https:\/\/www.facebook.com\/letsevents0\",\"https:\/\/twitter.com\/letsevents0\",\"https:\/\/www.instagram.com\/lets.events\/\",\"https:\/\/www.linkedin.com\/company\/22344358\/admin\/\"]},{\"@type\":\"Person\",\"@id\":\"https:\/\/lets.events\/blog\/#\/schema\/person\/90389c0bd6952b46e01c28a847a0d212\",\"name\":\"admin\",\"image\":{\"@type\":\"ImageObject\",\"inLanguage\":\"pt-BR\",\"@id\":\"https:\/\/lets.events\/blog\/#\/schema\/person\/image\/\",\"url\":\"https:\/\/secure.gravatar.com\/avatar\/3103a7960af8ec53399a3593a444ced1bc03babcefb14e65e58f053256804746?s=96&d=mm&r=g\",\"contentUrl\":\"https:\/\/secure.gravatar.com\/avatar\/3103a7960af8ec53399a3593a444ced1bc03babcefb14e65e58f053256804746?s=96&d=mm&r=g\",\"caption\":\"admin\"},\"sameAs\":[\"https:\/\/landings.lets.events\/blog1\"],\"url\":\"https:\/\/lets.events\/blog\/author\/admin\/\"}]}<\/script>\n<!-- \/ Yoast SEO Premium plugin. -->","yoast_head_json":{"title":"E-MAG: Curtindo as f\u00e9rias adoidado - Lets Blog","description":"Entre no clima de f\u00e9rias com o E-MAG: Curtindo as f\u00e9rias adoidado. Descubra dicas incr\u00edveis para aproveitar ao m\u00e1ximo seu tempo livre!","robots":{"index":"index","follow":"follow","max-snippet":"max-snippet:-1","max-image-preview":"max-image-preview:large","max-video-preview":"max-video-preview:-1"},"canonical":"https:\/\/lets.events\/blog\/e-mag-curtindo-as-ferias-adoidado\/","twitter_misc":{"Escrito por":"admin","Est. tempo de leitura":"2 minutos"},"schema":{"@context":"https:\/\/schema.org","@graph":[{"@type":"Article","@id":"https:\/\/lets.events\/blog\/e-mag-curtindo-as-ferias-adoidado\/#article","isPartOf":{"@id":"https:\/\/lets.events\/blog\/e-mag-curtindo-as-ferias-adoidado\/"},"author":{"name":"admin","@id":"https:\/\/lets.events\/blog\/#\/schema\/person\/90389c0bd6952b46e01c28a847a0d212"},"headline":"E-MAG: Curtindo as f\u00e9rias adoidado","datePublished":"2017-01-11T17:58:10+00:00","dateModified":"2023-06-13T19:54:07+00:00","mainEntityOfPage":{"@id":"https:\/\/lets.events\/blog\/e-mag-curtindo-as-ferias-adoidado\/"},"wordCount":233,"commentCount":0,"publisher":{"@id":"https:\/\/lets.events\/blog\/#organization"},"keywords":["Eventos"],"articleSection":["Eventos"],"inLanguage":"pt-BR","potentialAction":[{"@type":"CommentAction","name":"Comment","target":["https:\/\/lets.events\/blog\/e-mag-curtindo-as-ferias-adoidado\/#respond"]}]},{"@type":"WebPage","@id":"https:\/\/lets.events\/blog\/e-mag-curtindo-as-ferias-adoidado\/","url":"https:\/\/lets.events\/blog\/e-mag-curtindo-as-ferias-adoidado\/","name":"E-MAG: Curtindo as f\u00e9rias adoidado - Lets Blog","isPartOf":{"@id":"https:\/\/lets.events\/blog\/#website"},"datePublished":"2017-01-11T17:58:10+00:00","dateModified":"2023-06-13T19:54:07+00:00","description":"Entre no clima de f\u00e9rias com o E-MAG: Curtindo as f\u00e9rias adoidado. Descubra dicas incr\u00edveis para aproveitar ao m\u00e1ximo seu tempo livre!","breadcrumb":{"@id":"https:\/\/lets.events\/blog\/e-mag-curtindo-as-ferias-adoidado\/#breadcrumb"},"inLanguage":"pt-BR","potentialAction":[{"@type":"ReadAction","target":["https:\/\/lets.events\/blog\/e-mag-curtindo-as-ferias-adoidado\/"]}]},{"@type":"BreadcrumbList","@id":"https:\/\/lets.events\/blog\/e-mag-curtindo-as-ferias-adoidado\/#breadcrumb","itemListElement":[{"@type":"ListItem","position":1,"name":"In\u00edcio","item":"https:\/\/lets.events\/blog\/"},{"@type":"ListItem","position":2,"name":"E-MAG: Curtindo as f\u00e9rias adoidado"}]},{"@type":"WebSite","@id":"https:\/\/lets.events\/blog\/#website","url":"https:\/\/lets.events\/blog\/","name":"Lets Blog","description":"As melhores dicas para que o seu evento seja um sucesso! ;)","publisher":{"@id":"https:\/\/lets.events\/blog\/#organization"},"potentialAction":[{"@type":"SearchAction","target":{"@type":"EntryPoint","urlTemplate":"https:\/\/lets.events\/blog\/?s={search_term_string}"},"query-input":"required name=search_term_string"}],"inLanguage":"pt-BR"},{"@type":"Organization","@id":"https:\/\/lets.events\/blog\/#organization","name":"Lets.Events","url":"https:\/\/lets.events\/blog\/","logo":{"@type":"ImageObject","inLanguage":"pt-BR","@id":"https:\/\/lets.events\/blog\/#\/schema\/logo\/image\/","url":"https:\/\/lets.events\/blog\/wp-content\/uploads\/2022\/07\/logo-rodape\u0301.png","contentUrl":"https:\/\/lets.events\/blog\/wp-content\/uploads\/2022\/07\/logo-rodape\u0301.png","width":800,"height":800,"caption":"Lets.Events"},"image":{"@id":"https:\/\/lets.events\/blog\/#\/schema\/logo\/image\/"},"sameAs":["https:\/\/www.facebook.com\/letsevents0","https:\/\/twitter.com\/letsevents0","https:\/\/www.instagram.com\/lets.events\/","https:\/\/www.linkedin.com\/company\/22344358\/admin\/"]},{"@type":"Person","@id":"https:\/\/lets.events\/blog\/#\/schema\/person\/90389c0bd6952b46e01c28a847a0d212","name":"admin","image":{"@type":"ImageObject","inLanguage":"pt-BR","@id":"https:\/\/lets.events\/blog\/#\/schema\/person\/image\/","url":"https:\/\/secure.gravatar.com\/avatar\/3103a7960af8ec53399a3593a444ced1bc03babcefb14e65e58f053256804746?s=96&d=mm&r=g","contentUrl":"https:\/\/secure.gravatar.com\/avatar\/3103a7960af8ec53399a3593a444ced1bc03babcefb14e65e58f053256804746?s=96&d=mm&r=g","caption":"admin"},"sameAs":["https:\/\/landings.lets.events\/blog1"],"url":"https:\/\/lets.events\/blog\/author\/admin\/"}]}},"_links":{"self":[{"href":"https:\/\/lets.events\/blog\/wp-json\/wp\/v2\/posts\/180","targetHints":{"allow":["GET"]}}],"collection":[{"href":"https:\/\/lets.events\/blog\/wp-json\/wp\/v2\/posts"}],"about":[{"href":"https:\/\/lets.events\/blog\/wp-json\/wp\/v2\/types\/post"}],"author":[{"embeddable":true,"href":"https:\/\/lets.events\/blog\/wp-json\/wp\/v2\/users\/1"}],"replies":[{"embeddable":true,"href":"https:\/\/lets.events\/blog\/wp-json\/wp\/v2\/comments?post=180"}],"version-history":[{"count":1,"href":"https:\/\/lets.events\/blog\/wp-json\/wp\/v2\/posts\/180\/revisions"}],"predecessor-version":[{"id":8250,"href":"https:\/\/lets.events\/blog\/wp-json\/wp\/v2\/posts\/180\/revisions\/8250"}],"wp:featuredmedia":[{"embeddable":true,"href":"https:\/\/lets.events\/blog\/wp-json\/wp\/v2\/media\/170"}],"wp:attachment":[{"href":"https:\/\/lets.events\/blog\/wp-json\/wp\/v2\/media?parent=180"}],"wp:term":[{"taxonomy":"category","embeddable":true,"href":"https:\/\/lets.events\/blog\/wp-json\/wp\/v2\/categories?post=180"},{"taxonomy":"post_tag","embeddable":true,"href":"https:\/\/lets.events\/blog\/wp-json\/wp\/v2\/tags?post=180"}],"curies":[{"name":"wp","href":"https:\/\/api.w.org\/{rel}","templated":true}]}}