{"id":2290,"date":"2018-06-13T16:00:13","date_gmt":"2018-06-13T16:00:13","guid":{"rendered":"https:\/\/lets.events\/newblog\/filiar-a-uma-associacao-do-setor-de-eventos\/"},"modified":"2023-07-19T16:50:22","modified_gmt":"2023-07-19T19:50:22","slug":"filiar-a-uma-associacao-do-setor-de-eventos","status":"publish","type":"post","link":"https:\/\/lets.events\/blog\/filiar-a-uma-associacao-do-setor-de-eventos\/","title":{"rendered":"Vale a pena se filiar a uma associa\u00e7\u00e3o do setor de eventos?"},"content":{"rendered":"<p><!--kg-card-begin: markdown--><\/p>\n<p>Diversas \u00e1reas profissionais possuem as suas pr\u00f3prias afilia\u00e7\u00f5es, a fim de fortalecerem as categorias. Em\u00a0<a href=\"https:\/\/lets.events\/blog\/producao-de-eventos-5-consideracoes-essenciais-para-o-sucesso\/\">eventos<\/a>,\u00a0n\u00e3o \u00e9 t\u00e3o diferente assim. H\u00e1 v\u00e1rias associa\u00e7\u00f5es do setor de eventos que foram fundadas com o intuito de agregar e lutar pelos interesses dos profissionais do setor.<\/p>\n<p>Mas vale a pena se filiar a associa\u00e7\u00f5es do setor? Conhe\u00e7a as principais delas e veja motivos positivos e negativos para ajudar a se decidir.<\/p>\n<h2 id=\"quaissoasprincipaisassociaesdosetordeeventos\">Quais s\u00e3o as principais associa\u00e7\u00f5es do setor de eventos?<\/h2>\n<p>Antes de qualquer coisa, \u00e9 importante saber quais s\u00e3o as principais associa\u00e7\u00f5es de classe do setor de eventos, de forma a pesquisar mais sobre cada uma delas, suas fun\u00e7\u00f5es e para quais sub\u00e1reas se dedicam. Est\u00e3o entre as mais importantes:<\/p>\n<ul>\n<li><a href=\"https:\/\/abrafesta.com.br\/\">ABRAFESTA<\/a>\u00a0(Associa\u00e7\u00e3o Brasileira de Eventos Sociais);<\/li>\n<li><a href=\"http:\/\/www.abrape.art.br\/views\/\">ABRAPE<\/a>\u00a0(Associa\u00e7\u00e3o Brasileira de Promotores de Eventos);<\/li>\n<li><a href=\"http:\/\/www.abraccef.org.br\/\">ABRECCEF<\/a>\u00a0(Associa\u00e7\u00e3o Brasileira de Centros de Conven\u00e7\u00f5es e Feiras);<\/li>\n<li><a href=\"http:\/\/www.abeoc.org.br\/\">ABEOC<\/a>\u00a0(Associa\u00e7\u00e3o Brasileira de Empresas de Eventos).<\/li>\n<\/ul>\n<h2 id=\"quaisospontospositivosdeseafiliaraessasassociaes\">Quais os pontos positivos de se afiliar a essas associa\u00e7\u00f5es?<\/h2>\n<p>Mas, ent\u00e3o, ser\u00e1 que compensa se afiliar a essas associa\u00e7\u00f5es? Quais s\u00e3o os benef\u00edcios que esse tipo de a\u00e7\u00e3o oferece ao profissional da \u00e1rea de eventos? Confira os principais deles:<\/p>\n<h3 id=\"integraodosetor\">Integra\u00e7\u00e3o do setor<\/h3>\n<p>Quanto mais unida \u00e9 uma categoria, mais o setor se fortalece. Isso porque, como h\u00e1 espa\u00e7o para todos os profissionais, um pode ajudar o outro em quest\u00f5es importantes, como na divulga\u00e7\u00e3o de novas tend\u00eancias, aux\u00edlio jur\u00eddico, compartilhando experi\u00eancias, entre outras.<\/p>\n<p>Repare que a maioria das \u00e1reas mais bem estruturadas e bem-sucedidas atualmente possuem entidades de classe fortes, que lutam pelo desenvolvimento de suas \u00e1reas de atua\u00e7\u00e3o, de forma a garantir a excel\u00eancia no exerc\u00edcio da profiss\u00e3o.<\/p>\n<p>Por isso, a associa\u00e7\u00e3o em algum desses \u00f3rg\u00e3os pode contribuir positivamente para a sua carreira e dos demais colegas. Por exemplo, por meio das parcerias firmadas, pode-se conseguir <a href=\"https:\/\/lets.events\/blog\/buscando-patrocinio-para-os-seus-eventos\/\">patroc\u00ednios para seus eventos<\/a> mais facilmente.<\/p>\n<h3 id=\"cursosprofissionalizantes\">Cursos profissionalizantes<\/h3>\n<p>Como falamos, um dos principais objetivos dessas entidades \u00e9 o fortalecimento da \u00e1rea. Por isso, muitas delas oferecem cursos profissionalizantes para seus associados, seja de forma direta, seja por meio dos parceiros.<\/p>\n<p>Al\u00e9m disso, voc\u00ea sempre receber\u00e1 em primeira m\u00e3o as informa\u00e7\u00f5es de outros cursos relevantes para a \u00e1rea, permitindo que possa se inscrever e participar deles. Inclusive, com condi\u00e7\u00f5es especiais em alguns casos. Alguns exemplos de cursos que j\u00e1 foram oferecidos de forma direta ou indireta pelas associa\u00e7\u00f5es s\u00e3o:<\/p>\n<ul>\n<li><a href=\"http:\/\/www.abeoc.org.br\/2017\/09\/curso-abeoc-sp-oferece-curso-de-taticas-de-negociacao\/\">Curso de T\u00e1ticas de Negocia\u00e7\u00e3o (ABEOC SP)<\/a>;<\/li>\n<li><a href=\"http:\/\/www.abeoc.org.br\/2017\/07\/abeoc-sc-promove-curso-de-organizacao-de-eventos\/\">Curso de Organiza\u00e7\u00e3o de Eventos (ABEOC SC)<\/a>.<\/li>\n<\/ul>\n<h3 id=\"defesadacategoriajuntoaosrgosresponsveis\">Defesa da categoria junto aos \u00f3rg\u00e3os respons\u00e1veis<\/h3>\n<p>Muitas vezes, os interesses da categoria entram em conflito com quest\u00f5es pol\u00edticas e jur\u00eddicas. Para combater isso e defender aquilo que \u00e9 o melhor para os profissionais do setor, as associa\u00e7\u00f5es t\u00eam essa fun\u00e7\u00e3o de defesa da classe.<\/p>\n<p>Por isso, em casos de abusos ou injusti\u00e7as, elas entram de frente, a fim de garantir que nenhum tipo de abuso seja cometido e tamb\u00e9m defendendo melhorias legislativas, burocr\u00e1ticas e judiciais que contribuam positivamente para todos.<\/p>\n<h3 id=\"assessoriajurdicaeestrutural\">Assessoria jur\u00eddica e estrutural<\/h3>\n<p>Eventualmente, os profissionais da \u00e1rea t\u00eam problemas jur\u00eddicos a serem resolvidos relacionados \u00e0 atua\u00e7\u00e3o. A vantagem de uma associa\u00e7\u00e3o a um desses \u00f3rg\u00e3os de classe \u00e9 poder contar com a ajuda jur\u00eddica em caso de problemas.<\/p>\n<p>Al\u00e9m disso, h\u00e1 todo um suporte para quem est\u00e1 iniciando na \u00e1rea, de forma a potencializar as chances de sucesso e se destacar no setor.<\/p>\n<h2 id=\"quaissoospontosnegativosdeseafiliaraessasassociaes\">Quais s\u00e3o os pontos negativos de se afiliar a essas associa\u00e7\u00f5es?<\/h2>\n<p>Um \u00fanico ponto que poderia ser considerado negativo de se afiliar a uma associa\u00e7\u00e3o do setor de eventos est\u00e1 relacionado com os custos da anuidade.<\/p>\n<p>Por\u00e9m, deve-se ressaltar que isso n\u00e3o \u00e9 necessariamente um gasto, mas um investimento. Afinal, a partir desse momento, o profissional ter\u00e1 uma s\u00e9rie de benef\u00edcios dispon\u00edveis para si, que contribuir\u00e3o para o seu crescimento e tamb\u00e9m de seu neg\u00f3cio.<\/p>\n<h2 id=\"entovaleapenasefiliaraumaassociaodosetordeeventos\">Ent\u00e3o, vale a pena se filiar a uma associa\u00e7\u00e3o do setor de eventos?<\/h2>\n<p>A conclus\u00e3o \u00e9: sim, vale a pena se filiar a uma das associa\u00e7\u00f5es do setor de eventos, pois os pontos positivos s\u00e3o fundamentais para garantir um crescimento saud\u00e1vel e se destacar nessa \u00e1rea,\u00a0<a href=\"https:\/\/lets.events\/blog\/5-dicas-para-planejar-eventos-de-sucesso\/\">planejando eventos de sucesso<\/a>.<\/p>\n<p>O que achou sobre o tema? Ficou alguma d\u00favida ou tem uma opini\u00e3o sobre o assunto? Mande pra gente pelo\u00a0<a href=\"mailto:oi@lets.events\">oi@lets.events<\/a>.<\/p>\n<p><!--kg-card-end: markdown--><\/p>\n","protected":false},"excerpt":{"rendered":"<p>Filiar-se a uma associa\u00e7\u00e3o do setor de eventos pode trazer uma s\u00e9rie de vantagens significativas. Al\u00e9m de proporcionar networking e oportunidades de conex\u00e3o com profissionais da \u00e1rea, a associa\u00e7\u00e3o oferece acesso a recursos valiosos, como treinamentos, workshops e eventos exclusivos. Continue a leitura e saiba mais!<\/p>\n","protected":false},"author":1,"featured_media":2280,"comment_status":"open","ping_status":"open","sticky":false,"template":"","format":"standard","meta":{"footnotes":"","jetpack_publicize_message":"","jetpack_is_tweetstorm":false,"jetpack_publicize_feature_enabled":true,"jetpack_social_post_already_shared":false,"jetpack_social_options":[]},"categories":[1],"tags":[5],"class_list":["post-2290","post","type-post","status-publish","format-standard","has-post-thumbnail","hentry","category-producao-de-eventos","tag-producao-de-eventos"],"jetpack_publicize_connections":[],"yoast_head":"<!-- This site is optimized with the Yoast SEO Premium plugin v21.5 (Yoast SEO v21.5) - https:\/\/yoast.com\/wordpress\/plugins\/seo\/ -->\n<title>Vale a pena se filiar a uma associa\u00e7\u00e3o do setor de eventos? - Lets Blog<\/title>\n<meta name=\"description\" content=\"Saiba se vale a pena se filiar a uma associa\u00e7\u00e3o do setor de eventos e aproveite os benef\u00edcios exclusivos e oportunidades de crescimento profissional.\" \/>\n<meta name=\"robots\" content=\"index, follow, max-snippet:-1, max-image-preview:large, max-video-preview:-1\" \/>\n<link rel=\"canonical\" href=\"https:\/\/lets.events\/blog\/filiar-a-uma-associacao-do-setor-de-eventos\/\" \/>\n<meta name=\"twitter:label1\" content=\"Escrito por\" \/>\n\t<meta name=\"twitter:data1\" content=\"admin\" \/>\n\t<meta name=\"twitter:label2\" content=\"Est. tempo de leitura\" \/>\n\t<meta name=\"twitter:data2\" content=\"4 minutos\" \/>\n<script type=\"application\/ld+json\" class=\"yoast-schema-graph\">{\"@context\":\"https:\/\/schema.org\",\"@graph\":[{\"@type\":\"Article\",\"@id\":\"https:\/\/lets.events\/blog\/filiar-a-uma-associacao-do-setor-de-eventos\/#article\",\"isPartOf\":{\"@id\":\"https:\/\/lets.events\/blog\/filiar-a-uma-associacao-do-setor-de-eventos\/\"},\"author\":{\"name\":\"admin\",\"@id\":\"https:\/\/lets.events\/blog\/#\/schema\/person\/90389c0bd6952b46e01c28a847a0d212\"},\"headline\":\"Vale a pena se filiar a uma associa\u00e7\u00e3o do setor de eventos?\",\"datePublished\":\"2018-06-13T16:00:13+00:00\",\"dateModified\":\"2023-07-19T19:50:22+00:00\",\"mainEntityOfPage\":{\"@id\":\"https:\/\/lets.events\/blog\/filiar-a-uma-associacao-do-setor-de-eventos\/\"},\"wordCount\":782,\"commentCount\":0,\"publisher\":{\"@id\":\"https:\/\/lets.events\/blog\/#organization\"},\"keywords\":[\"Produ\u00e7\u00e3o de eventos\"],\"articleSection\":[\"Produ\u00e7\u00e3o de eventos\"],\"inLanguage\":\"pt-BR\",\"potentialAction\":[{\"@type\":\"CommentAction\",\"name\":\"Comment\",\"target\":[\"https:\/\/lets.events\/blog\/filiar-a-uma-associacao-do-setor-de-eventos\/#respond\"]}]},{\"@type\":\"WebPage\",\"@id\":\"https:\/\/lets.events\/blog\/filiar-a-uma-associacao-do-setor-de-eventos\/\",\"url\":\"https:\/\/lets.events\/blog\/filiar-a-uma-associacao-do-setor-de-eventos\/\",\"name\":\"Vale a pena se filiar a uma associa\u00e7\u00e3o do setor de eventos? - Lets Blog\",\"isPartOf\":{\"@id\":\"https:\/\/lets.events\/blog\/#website\"},\"datePublished\":\"2018-06-13T16:00:13+00:00\",\"dateModified\":\"2023-07-19T19:50:22+00:00\",\"description\":\"Saiba se vale a pena se filiar a uma associa\u00e7\u00e3o do setor de eventos e aproveite os benef\u00edcios exclusivos e oportunidades de crescimento profissional.\",\"breadcrumb\":{\"@id\":\"https:\/\/lets.events\/blog\/filiar-a-uma-associacao-do-setor-de-eventos\/#breadcrumb\"},\"inLanguage\":\"pt-BR\",\"potentialAction\":[{\"@type\":\"ReadAction\",\"target\":[\"https:\/\/lets.events\/blog\/filiar-a-uma-associacao-do-setor-de-eventos\/\"]}]},{\"@type\":\"BreadcrumbList\",\"@id\":\"https:\/\/lets.events\/blog\/filiar-a-uma-associacao-do-setor-de-eventos\/#breadcrumb\",\"itemListElement\":[{\"@type\":\"ListItem\",\"position\":1,\"name\":\"In\u00edcio\",\"item\":\"https:\/\/lets.events\/blog\/\"},{\"@type\":\"ListItem\",\"position\":2,\"name\":\"Vale a pena se filiar a uma associa\u00e7\u00e3o do setor de eventos?\"}]},{\"@type\":\"WebSite\",\"@id\":\"https:\/\/lets.events\/blog\/#website\",\"url\":\"https:\/\/lets.events\/blog\/\",\"name\":\"Lets Blog\",\"description\":\"As melhores dicas para que o seu evento seja um sucesso! ;)\",\"publisher\":{\"@id\":\"https:\/\/lets.events\/blog\/#organization\"},\"potentialAction\":[{\"@type\":\"SearchAction\",\"target\":{\"@type\":\"EntryPoint\",\"urlTemplate\":\"https:\/\/lets.events\/blog\/?s={search_term_string}\"},\"query-input\":\"required name=search_term_string\"}],\"inLanguage\":\"pt-BR\"},{\"@type\":\"Organization\",\"@id\":\"https:\/\/lets.events\/blog\/#organization\",\"name\":\"Lets.Events\",\"url\":\"https:\/\/lets.events\/blog\/\",\"logo\":{\"@type\":\"ImageObject\",\"inLanguage\":\"pt-BR\",\"@id\":\"https:\/\/lets.events\/blog\/#\/schema\/logo\/image\/\",\"url\":\"https:\/\/lets.events\/blog\/wp-content\/uploads\/2022\/07\/logo-rodape\u0301.png\",\"contentUrl\":\"https:\/\/lets.events\/blog\/wp-content\/uploads\/2022\/07\/logo-rodape\u0301.png\",\"width\":800,\"height\":800,\"caption\":\"Lets.Events\"},\"image\":{\"@id\":\"https:\/\/lets.events\/blog\/#\/schema\/logo\/image\/\"},\"sameAs\":[\"https:\/\/www.facebook.com\/letsevents0\",\"https:\/\/twitter.com\/letsevents0\",\"https:\/\/www.instagram.com\/lets.events\/\",\"https:\/\/www.linkedin.com\/company\/22344358\/admin\/\"]},{\"@type\":\"Person\",\"@id\":\"https:\/\/lets.events\/blog\/#\/schema\/person\/90389c0bd6952b46e01c28a847a0d212\",\"name\":\"admin\",\"image\":{\"@type\":\"ImageObject\",\"inLanguage\":\"pt-BR\",\"@id\":\"https:\/\/lets.events\/blog\/#\/schema\/person\/image\/\",\"url\":\"https:\/\/secure.gravatar.com\/avatar\/3103a7960af8ec53399a3593a444ced1bc03babcefb14e65e58f053256804746?s=96&d=mm&r=g\",\"contentUrl\":\"https:\/\/secure.gravatar.com\/avatar\/3103a7960af8ec53399a3593a444ced1bc03babcefb14e65e58f053256804746?s=96&d=mm&r=g\",\"caption\":\"admin\"},\"sameAs\":[\"https:\/\/landings.lets.events\/blog1\"],\"url\":\"https:\/\/lets.events\/blog\/author\/admin\/\"}]}<\/script>\n<!-- \/ Yoast SEO Premium plugin. -->","yoast_head_json":{"title":"Vale a pena se filiar a uma associa\u00e7\u00e3o do setor de eventos? - Lets Blog","description":"Saiba se vale a pena se filiar a uma associa\u00e7\u00e3o do setor de eventos e aproveite os benef\u00edcios exclusivos e oportunidades de crescimento profissional.","robots":{"index":"index","follow":"follow","max-snippet":"max-snippet:-1","max-image-preview":"max-image-preview:large","max-video-preview":"max-video-preview:-1"},"canonical":"https:\/\/lets.events\/blog\/filiar-a-uma-associacao-do-setor-de-eventos\/","twitter_misc":{"Escrito por":"admin","Est. tempo de leitura":"4 minutos"},"schema":{"@context":"https:\/\/schema.org","@graph":[{"@type":"Article","@id":"https:\/\/lets.events\/blog\/filiar-a-uma-associacao-do-setor-de-eventos\/#article","isPartOf":{"@id":"https:\/\/lets.events\/blog\/filiar-a-uma-associacao-do-setor-de-eventos\/"},"author":{"name":"admin","@id":"https:\/\/lets.events\/blog\/#\/schema\/person\/90389c0bd6952b46e01c28a847a0d212"},"headline":"Vale a pena se filiar a uma associa\u00e7\u00e3o do setor de eventos?","datePublished":"2018-06-13T16:00:13+00:00","dateModified":"2023-07-19T19:50:22+00:00","mainEntityOfPage":{"@id":"https:\/\/lets.events\/blog\/filiar-a-uma-associacao-do-setor-de-eventos\/"},"wordCount":782,"commentCount":0,"publisher":{"@id":"https:\/\/lets.events\/blog\/#organization"},"keywords":["Produ\u00e7\u00e3o de eventos"],"articleSection":["Produ\u00e7\u00e3o de eventos"],"inLanguage":"pt-BR","potentialAction":[{"@type":"CommentAction","name":"Comment","target":["https:\/\/lets.events\/blog\/filiar-a-uma-associacao-do-setor-de-eventos\/#respond"]}]},{"@type":"WebPage","@id":"https:\/\/lets.events\/blog\/filiar-a-uma-associacao-do-setor-de-eventos\/","url":"https:\/\/lets.events\/blog\/filiar-a-uma-associacao-do-setor-de-eventos\/","name":"Vale a pena se filiar a uma associa\u00e7\u00e3o do setor de eventos? - Lets Blog","isPartOf":{"@id":"https:\/\/lets.events\/blog\/#website"},"datePublished":"2018-06-13T16:00:13+00:00","dateModified":"2023-07-19T19:50:22+00:00","description":"Saiba se vale a pena se filiar a uma associa\u00e7\u00e3o do setor de eventos e aproveite os benef\u00edcios exclusivos e oportunidades de crescimento profissional.","breadcrumb":{"@id":"https:\/\/lets.events\/blog\/filiar-a-uma-associacao-do-setor-de-eventos\/#breadcrumb"},"inLanguage":"pt-BR","potentialAction":[{"@type":"ReadAction","target":["https:\/\/lets.events\/blog\/filiar-a-uma-associacao-do-setor-de-eventos\/"]}]},{"@type":"BreadcrumbList","@id":"https:\/\/lets.events\/blog\/filiar-a-uma-associacao-do-setor-de-eventos\/#breadcrumb","itemListElement":[{"@type":"ListItem","position":1,"name":"In\u00edcio","item":"https:\/\/lets.events\/blog\/"},{"@type":"ListItem","position":2,"name":"Vale a pena se filiar a uma associa\u00e7\u00e3o do setor de eventos?"}]},{"@type":"WebSite","@id":"https:\/\/lets.events\/blog\/#website","url":"https:\/\/lets.events\/blog\/","name":"Lets Blog","description":"As melhores dicas para que o seu evento seja um sucesso! ;)","publisher":{"@id":"https:\/\/lets.events\/blog\/#organization"},"potentialAction":[{"@type":"SearchAction","target":{"@type":"EntryPoint","urlTemplate":"https:\/\/lets.events\/blog\/?s={search_term_string}"},"query-input":"required name=search_term_string"}],"inLanguage":"pt-BR"},{"@type":"Organization","@id":"https:\/\/lets.events\/blog\/#organization","name":"Lets.Events","url":"https:\/\/lets.events\/blog\/","logo":{"@type":"ImageObject","inLanguage":"pt-BR","@id":"https:\/\/lets.events\/blog\/#\/schema\/logo\/image\/","url":"https:\/\/lets.events\/blog\/wp-content\/uploads\/2022\/07\/logo-rodape\u0301.png","contentUrl":"https:\/\/lets.events\/blog\/wp-content\/uploads\/2022\/07\/logo-rodape\u0301.png","width":800,"height":800,"caption":"Lets.Events"},"image":{"@id":"https:\/\/lets.events\/blog\/#\/schema\/logo\/image\/"},"sameAs":["https:\/\/www.facebook.com\/letsevents0","https:\/\/twitter.com\/letsevents0","https:\/\/www.instagram.com\/lets.events\/","https:\/\/www.linkedin.com\/company\/22344358\/admin\/"]},{"@type":"Person","@id":"https:\/\/lets.events\/blog\/#\/schema\/person\/90389c0bd6952b46e01c28a847a0d212","name":"admin","image":{"@type":"ImageObject","inLanguage":"pt-BR","@id":"https:\/\/lets.events\/blog\/#\/schema\/person\/image\/","url":"https:\/\/secure.gravatar.com\/avatar\/3103a7960af8ec53399a3593a444ced1bc03babcefb14e65e58f053256804746?s=96&d=mm&r=g","contentUrl":"https:\/\/secure.gravatar.com\/avatar\/3103a7960af8ec53399a3593a444ced1bc03babcefb14e65e58f053256804746?s=96&d=mm&r=g","caption":"admin"},"sameAs":["https:\/\/landings.lets.events\/blog1"],"url":"https:\/\/lets.events\/blog\/author\/admin\/"}]}},"_links":{"self":[{"href":"https:\/\/lets.events\/blog\/wp-json\/wp\/v2\/posts\/2290","targetHints":{"allow":["GET"]}}],"collection":[{"href":"https:\/\/lets.events\/blog\/wp-json\/wp\/v2\/posts"}],"about":[{"href":"https:\/\/lets.events\/blog\/wp-json\/wp\/v2\/types\/post"}],"author":[{"embeddable":true,"href":"https:\/\/lets.events\/blog\/wp-json\/wp\/v2\/users\/1"}],"replies":[{"embeddable":true,"href":"https:\/\/lets.events\/blog\/wp-json\/wp\/v2\/comments?post=2290"}],"version-history":[{"count":1,"href":"https:\/\/lets.events\/blog\/wp-json\/wp\/v2\/posts\/2290\/revisions"}],"predecessor-version":[{"id":8433,"href":"https:\/\/lets.events\/blog\/wp-json\/wp\/v2\/posts\/2290\/revisions\/8433"}],"wp:featuredmedia":[{"embeddable":true,"href":"https:\/\/lets.events\/blog\/wp-json\/wp\/v2\/media\/2280"}],"wp:attachment":[{"href":"https:\/\/lets.events\/blog\/wp-json\/wp\/v2\/media?parent=2290"}],"wp:term":[{"taxonomy":"category","embeddable":true,"href":"https:\/\/lets.events\/blog\/wp-json\/wp\/v2\/categories?post=2290"},{"taxonomy":"post_tag","embeddable":true,"href":"https:\/\/lets.events\/blog\/wp-json\/wp\/v2\/tags?post=2290"}],"curies":[{"name":"wp","href":"https:\/\/api.w.org\/{rel}","templated":true}]}}