{"id":280,"date":"2017-01-25T13:51:27","date_gmt":"2017-01-25T15:51:27","guid":{"rendered":"https:\/\/lets.events\/newblog\/emag-pre-carnaval-planeta-brasil-e-anos-80\/"},"modified":"2022-02-24T14:54:30","modified_gmt":"2022-02-24T17:54:30","slug":"emag-pre-carnaval-planeta-brasil-e-anos-80","status":"publish","type":"post","link":"https:\/\/lets.events\/blog\/emag-pre-carnaval-planeta-brasil-e-anos-80\/","title":{"rendered":"EMAG: pr\u00e9-carnaval, Planeta Brasil e anos 80"},"content":{"rendered":"<p><!--kg-card-begin: markdown--><\/p>\n<p>Abrindo os trabalhos do carnaval (j\u00e1 estamos contando os dias) tem <a href=\"https:\/\/www.facebook.com\/events\/713541015492915\/\">Baile Tropical na Aut\u00eantica<\/a>\u00a0com orquestra <a href=\"https:\/\/www.facebook.com\/JateDigo\/?fref=ts\">J\u00c1 TE DIGO<\/a>! Uma festa itinerante que roda o Brasil apresentando as tend\u00eancias afro-latinas e tropicais. Veste a fantasia e se joga!<\/p>\n<p><a href=\"https:\/\/www.facebook.com\/festivalplanetabrasil\/\">O festival Planeta Brasil<\/a> re\u00fane em um dia festa, m\u00fasica, arte e cultura. <a href=\"https:\/\/www.youtube.com\/watch?v=EkHTsc9PU2A\">Jason Mraz<\/a>, <a href=\"https:\/\/www.youtube.com\/watch?v=MrOBNFSun7Y\">Skank<\/a>, <a href=\"https:\/\/www.youtube.com\/watch?v=SBs_pd1QQu8\">Projota<\/a>, <a href=\"https:\/\/www.youtube.com\/watch?v=i1Nm-MJ313w\">Natiruts<\/a>, <a href=\"https:\/\/www.youtube.com\/watch?v=P-W2JmG9vtQ\">Planet Hemp<\/a>, <a href=\"https:\/\/www.youtube.com\/watch?v=F2ub2b09NlE\">3030<\/a>\u00a0e <a href=\"https:\/\/www.youtube.com\/watch?v=W62-ZG9tPpI\">Tiago Iorc<\/a>\u00a0fazem parte do line-up. E o pano de fundo \u00e9 o Mineir\u00e3o. Imperd\u00edvel!<\/p>\n<p>Agora se a ideia \u00e9 sair para um lugar bacana, reunir os amigos e curtir as m\u00fasicas de um tempo que n\u00e3o volta mais\u2026 a pedida \u00e9 a banda <a href=\"https:\/\/www.facebook.com\/bandachevettehatch\/?fref=ts\">Chevette Hatch<\/a>\u00a0tocando cl\u00e1ssicos dos anos 80 na <a href=\"https:\/\/www.facebook.com\/utopicamarcenaria\/?fref=ts\">Ut\u00f3pica Marcenaria<\/a>. <a href=\"https:\/\/lets.events\/events\/utopica-marcenaria-show-com-chevette-hatch-2\">Para confirmar presen\u00e7a e garantir o nome na lista, clique aqui<\/a>.<\/p>\n<p><img decoding=\"async\" src=\"https:\/\/blog.lets.events\/wp-content\/uploads\/2017\/01\/JAN-dia-25.png\" alt=\"\" loading=\"lazy\"><\/p>\n<p><!--kg-card-end: markdown--><\/p>\n","protected":false},"excerpt":{"rendered":"<p>Abrindo os trabalhos do carnaval (j\u00e1 estamos contando os dias) tem Baile Tropical na Aut\u00eantica\u00a0com orquestra J\u00c1 TE DIGO! Uma festa itinerante que roda o<\/p>\n","protected":false},"author":1,"featured_media":270,"comment_status":"open","ping_status":"open","sticky":false,"template":"","format":"standard","meta":{"footnotes":"","jetpack_publicize_message":"","jetpack_is_tweetstorm":false,"jetpack_publicize_feature_enabled":true,"jetpack_social_post_already_shared":false,"jetpack_social_options":[]},"categories":[23],"tags":[3],"class_list":["post-280","post","type-post","status-publish","format-standard","has-post-thumbnail","hentry","category-eventos","tag-eventos"],"jetpack_publicize_connections":[],"yoast_head":"<!-- This site is optimized with the Yoast SEO Premium plugin v21.5 (Yoast SEO v21.5) - https:\/\/yoast.com\/wordpress\/plugins\/seo\/ -->\n<title>EMAG: pr\u00e9-carnaval, Planeta Brasil e anos 80 - Lets Blog<\/title>\n<meta name=\"robots\" content=\"index, follow, max-snippet:-1, max-image-preview:large, max-video-preview:-1\" \/>\n<link rel=\"canonical\" href=\"https:\/\/lets.events\/blog\/emag-pre-carnaval-planeta-brasil-e-anos-80\/\" \/>\n<meta name=\"twitter:label1\" content=\"Escrito por\" \/>\n\t<meta name=\"twitter:data1\" content=\"admin\" \/>\n\t<meta name=\"twitter:label2\" content=\"Est. tempo de leitura\" \/>\n\t<meta name=\"twitter:data2\" content=\"1 minuto\" \/>\n<script type=\"application\/ld+json\" class=\"yoast-schema-graph\">{\"@context\":\"https:\/\/schema.org\",\"@graph\":[{\"@type\":\"Article\",\"@id\":\"https:\/\/lets.events\/blog\/emag-pre-carnaval-planeta-brasil-e-anos-80\/#article\",\"isPartOf\":{\"@id\":\"https:\/\/lets.events\/blog\/emag-pre-carnaval-planeta-brasil-e-anos-80\/\"},\"author\":{\"name\":\"admin\",\"@id\":\"https:\/\/lets.events\/blog\/#\/schema\/person\/90389c0bd6952b46e01c28a847a0d212\"},\"headline\":\"EMAG: pr\u00e9-carnaval, Planeta Brasil e anos 80\",\"datePublished\":\"2017-01-25T15:51:27+00:00\",\"dateModified\":\"2022-02-24T17:54:30+00:00\",\"mainEntityOfPage\":{\"@id\":\"https:\/\/lets.events\/blog\/emag-pre-carnaval-planeta-brasil-e-anos-80\/\"},\"wordCount\":139,\"commentCount\":0,\"publisher\":{\"@id\":\"https:\/\/lets.events\/blog\/#organization\"},\"keywords\":[\"Eventos\"],\"articleSection\":[\"Eventos\"],\"inLanguage\":\"pt-BR\",\"potentialAction\":[{\"@type\":\"CommentAction\",\"name\":\"Comment\",\"target\":[\"https:\/\/lets.events\/blog\/emag-pre-carnaval-planeta-brasil-e-anos-80\/#respond\"]}]},{\"@type\":\"WebPage\",\"@id\":\"https:\/\/lets.events\/blog\/emag-pre-carnaval-planeta-brasil-e-anos-80\/\",\"url\":\"https:\/\/lets.events\/blog\/emag-pre-carnaval-planeta-brasil-e-anos-80\/\",\"name\":\"EMAG: pr\u00e9-carnaval, Planeta Brasil e anos 80 - Lets Blog\",\"isPartOf\":{\"@id\":\"https:\/\/lets.events\/blog\/#website\"},\"datePublished\":\"2017-01-25T15:51:27+00:00\",\"dateModified\":\"2022-02-24T17:54:30+00:00\",\"breadcrumb\":{\"@id\":\"https:\/\/lets.events\/blog\/emag-pre-carnaval-planeta-brasil-e-anos-80\/#breadcrumb\"},\"inLanguage\":\"pt-BR\",\"potentialAction\":[{\"@type\":\"ReadAction\",\"target\":[\"https:\/\/lets.events\/blog\/emag-pre-carnaval-planeta-brasil-e-anos-80\/\"]}]},{\"@type\":\"BreadcrumbList\",\"@id\":\"https:\/\/lets.events\/blog\/emag-pre-carnaval-planeta-brasil-e-anos-80\/#breadcrumb\",\"itemListElement\":[{\"@type\":\"ListItem\",\"position\":1,\"name\":\"In\u00edcio\",\"item\":\"https:\/\/lets.events\/blog\/\"},{\"@type\":\"ListItem\",\"position\":2,\"name\":\"EMAG: pr\u00e9-carnaval, Planeta Brasil e anos 80\"}]},{\"@type\":\"WebSite\",\"@id\":\"https:\/\/lets.events\/blog\/#website\",\"url\":\"https:\/\/lets.events\/blog\/\",\"name\":\"Lets Blog\",\"description\":\"As melhores dicas para que o seu evento seja um sucesso! ;)\",\"publisher\":{\"@id\":\"https:\/\/lets.events\/blog\/#organization\"},\"potentialAction\":[{\"@type\":\"SearchAction\",\"target\":{\"@type\":\"EntryPoint\",\"urlTemplate\":\"https:\/\/lets.events\/blog\/?s={search_term_string}\"},\"query-input\":\"required name=search_term_string\"}],\"inLanguage\":\"pt-BR\"},{\"@type\":\"Organization\",\"@id\":\"https:\/\/lets.events\/blog\/#organization\",\"name\":\"Lets.Events\",\"url\":\"https:\/\/lets.events\/blog\/\",\"logo\":{\"@type\":\"ImageObject\",\"inLanguage\":\"pt-BR\",\"@id\":\"https:\/\/lets.events\/blog\/#\/schema\/logo\/image\/\",\"url\":\"https:\/\/lets.events\/blog\/wp-content\/uploads\/2022\/07\/logo-rodape\u0301.png\",\"contentUrl\":\"https:\/\/lets.events\/blog\/wp-content\/uploads\/2022\/07\/logo-rodape\u0301.png\",\"width\":800,\"height\":800,\"caption\":\"Lets.Events\"},\"image\":{\"@id\":\"https:\/\/lets.events\/blog\/#\/schema\/logo\/image\/\"},\"sameAs\":[\"https:\/\/www.facebook.com\/letsevents0\",\"https:\/\/twitter.com\/letsevents0\",\"https:\/\/www.instagram.com\/lets.events\/\",\"https:\/\/www.linkedin.com\/company\/22344358\/admin\/\"]},{\"@type\":\"Person\",\"@id\":\"https:\/\/lets.events\/blog\/#\/schema\/person\/90389c0bd6952b46e01c28a847a0d212\",\"name\":\"admin\",\"image\":{\"@type\":\"ImageObject\",\"inLanguage\":\"pt-BR\",\"@id\":\"https:\/\/lets.events\/blog\/#\/schema\/person\/image\/\",\"url\":\"https:\/\/secure.gravatar.com\/avatar\/3103a7960af8ec53399a3593a444ced1bc03babcefb14e65e58f053256804746?s=96&d=mm&r=g\",\"contentUrl\":\"https:\/\/secure.gravatar.com\/avatar\/3103a7960af8ec53399a3593a444ced1bc03babcefb14e65e58f053256804746?s=96&d=mm&r=g\",\"caption\":\"admin\"},\"sameAs\":[\"https:\/\/landings.lets.events\/blog1\"],\"url\":\"https:\/\/lets.events\/blog\/author\/admin\/\"}]}<\/script>\n<!-- \/ Yoast SEO Premium plugin. -->","yoast_head_json":{"title":"EMAG: pr\u00e9-carnaval, Planeta Brasil e anos 80 - Lets Blog","robots":{"index":"index","follow":"follow","max-snippet":"max-snippet:-1","max-image-preview":"max-image-preview:large","max-video-preview":"max-video-preview:-1"},"canonical":"https:\/\/lets.events\/blog\/emag-pre-carnaval-planeta-brasil-e-anos-80\/","twitter_misc":{"Escrito por":"admin","Est. tempo de leitura":"1 minuto"},"schema":{"@context":"https:\/\/schema.org","@graph":[{"@type":"Article","@id":"https:\/\/lets.events\/blog\/emag-pre-carnaval-planeta-brasil-e-anos-80\/#article","isPartOf":{"@id":"https:\/\/lets.events\/blog\/emag-pre-carnaval-planeta-brasil-e-anos-80\/"},"author":{"name":"admin","@id":"https:\/\/lets.events\/blog\/#\/schema\/person\/90389c0bd6952b46e01c28a847a0d212"},"headline":"EMAG: pr\u00e9-carnaval, Planeta Brasil e anos 80","datePublished":"2017-01-25T15:51:27+00:00","dateModified":"2022-02-24T17:54:30+00:00","mainEntityOfPage":{"@id":"https:\/\/lets.events\/blog\/emag-pre-carnaval-planeta-brasil-e-anos-80\/"},"wordCount":139,"commentCount":0,"publisher":{"@id":"https:\/\/lets.events\/blog\/#organization"},"keywords":["Eventos"],"articleSection":["Eventos"],"inLanguage":"pt-BR","potentialAction":[{"@type":"CommentAction","name":"Comment","target":["https:\/\/lets.events\/blog\/emag-pre-carnaval-planeta-brasil-e-anos-80\/#respond"]}]},{"@type":"WebPage","@id":"https:\/\/lets.events\/blog\/emag-pre-carnaval-planeta-brasil-e-anos-80\/","url":"https:\/\/lets.events\/blog\/emag-pre-carnaval-planeta-brasil-e-anos-80\/","name":"EMAG: pr\u00e9-carnaval, Planeta Brasil e anos 80 - Lets Blog","isPartOf":{"@id":"https:\/\/lets.events\/blog\/#website"},"datePublished":"2017-01-25T15:51:27+00:00","dateModified":"2022-02-24T17:54:30+00:00","breadcrumb":{"@id":"https:\/\/lets.events\/blog\/emag-pre-carnaval-planeta-brasil-e-anos-80\/#breadcrumb"},"inLanguage":"pt-BR","potentialAction":[{"@type":"ReadAction","target":["https:\/\/lets.events\/blog\/emag-pre-carnaval-planeta-brasil-e-anos-80\/"]}]},{"@type":"BreadcrumbList","@id":"https:\/\/lets.events\/blog\/emag-pre-carnaval-planeta-brasil-e-anos-80\/#breadcrumb","itemListElement":[{"@type":"ListItem","position":1,"name":"In\u00edcio","item":"https:\/\/lets.events\/blog\/"},{"@type":"ListItem","position":2,"name":"EMAG: pr\u00e9-carnaval, Planeta Brasil e anos 80"}]},{"@type":"WebSite","@id":"https:\/\/lets.events\/blog\/#website","url":"https:\/\/lets.events\/blog\/","name":"Lets Blog","description":"As melhores dicas para que o seu evento seja um sucesso! ;)","publisher":{"@id":"https:\/\/lets.events\/blog\/#organization"},"potentialAction":[{"@type":"SearchAction","target":{"@type":"EntryPoint","urlTemplate":"https:\/\/lets.events\/blog\/?s={search_term_string}"},"query-input":"required name=search_term_string"}],"inLanguage":"pt-BR"},{"@type":"Organization","@id":"https:\/\/lets.events\/blog\/#organization","name":"Lets.Events","url":"https:\/\/lets.events\/blog\/","logo":{"@type":"ImageObject","inLanguage":"pt-BR","@id":"https:\/\/lets.events\/blog\/#\/schema\/logo\/image\/","url":"https:\/\/lets.events\/blog\/wp-content\/uploads\/2022\/07\/logo-rodape\u0301.png","contentUrl":"https:\/\/lets.events\/blog\/wp-content\/uploads\/2022\/07\/logo-rodape\u0301.png","width":800,"height":800,"caption":"Lets.Events"},"image":{"@id":"https:\/\/lets.events\/blog\/#\/schema\/logo\/image\/"},"sameAs":["https:\/\/www.facebook.com\/letsevents0","https:\/\/twitter.com\/letsevents0","https:\/\/www.instagram.com\/lets.events\/","https:\/\/www.linkedin.com\/company\/22344358\/admin\/"]},{"@type":"Person","@id":"https:\/\/lets.events\/blog\/#\/schema\/person\/90389c0bd6952b46e01c28a847a0d212","name":"admin","image":{"@type":"ImageObject","inLanguage":"pt-BR","@id":"https:\/\/lets.events\/blog\/#\/schema\/person\/image\/","url":"https:\/\/secure.gravatar.com\/avatar\/3103a7960af8ec53399a3593a444ced1bc03babcefb14e65e58f053256804746?s=96&d=mm&r=g","contentUrl":"https:\/\/secure.gravatar.com\/avatar\/3103a7960af8ec53399a3593a444ced1bc03babcefb14e65e58f053256804746?s=96&d=mm&r=g","caption":"admin"},"sameAs":["https:\/\/landings.lets.events\/blog1"],"url":"https:\/\/lets.events\/blog\/author\/admin\/"}]}},"_links":{"self":[{"href":"https:\/\/lets.events\/blog\/wp-json\/wp\/v2\/posts\/280","targetHints":{"allow":["GET"]}}],"collection":[{"href":"https:\/\/lets.events\/blog\/wp-json\/wp\/v2\/posts"}],"about":[{"href":"https:\/\/lets.events\/blog\/wp-json\/wp\/v2\/types\/post"}],"author":[{"embeddable":true,"href":"https:\/\/lets.events\/blog\/wp-json\/wp\/v2\/users\/1"}],"replies":[{"embeddable":true,"href":"https:\/\/lets.events\/blog\/wp-json\/wp\/v2\/comments?post=280"}],"version-history":[{"count":0,"href":"https:\/\/lets.events\/blog\/wp-json\/wp\/v2\/posts\/280\/revisions"}],"wp:featuredmedia":[{"embeddable":true,"href":"https:\/\/lets.events\/blog\/wp-json\/wp\/v2\/media\/270"}],"wp:attachment":[{"href":"https:\/\/lets.events\/blog\/wp-json\/wp\/v2\/media?parent=280"}],"wp:term":[{"taxonomy":"category","embeddable":true,"href":"https:\/\/lets.events\/blog\/wp-json\/wp\/v2\/categories?post=280"},{"taxonomy":"post_tag","embeddable":true,"href":"https:\/\/lets.events\/blog\/wp-json\/wp\/v2\/tags?post=280"}],"curies":[{"name":"wp","href":"https:\/\/api.w.org\/{rel}","templated":true}]}}