{"id":5100,"date":"2021-10-15T17:07:31","date_gmt":"2021-10-15T20:07:31","guid":{"rendered":"https:\/\/lets.events\/newblog\/final-de-ano-chegando-como-pensar-em-festas-de-fim-de-ano-no-momento-em-que-vivemos\/"},"modified":"2023-06-15T17:51:15","modified_gmt":"2023-06-15T20:51:15","slug":"final-de-ano-chegando-como-pensar-em-festas-de-fim-de-ano-no-momento-em-que-vivemos","status":"publish","type":"post","link":"https:\/\/lets.events\/blog\/final-de-ano-chegando-como-pensar-em-festas-de-fim-de-ano-no-momento-em-que-vivemos\/","title":{"rendered":"Final de ano chegando! Como pensar em festas de fim de ano no momento em que vivemos?"},"content":{"rendered":"<p>O final do ano \u00e9 um momento em que tradicionalmente as pessoas gostam de se encontrar para comemorar a etapa que est\u00e1 sendo encerrada. Mas como pensar em festas de fim de ano no momento atual, em que <a href=\"https:\/\/lets.events\/blog\/o-panorama-para-o-mercado-de-eventos-pos-pandemia\/\"><strong>ainda estamos em uma pandemia<\/strong><\/a>?<\/p>\n<p>Por mais que ainda n\u00e3o se saiba exatamente quando poderemos reunir muitas pessoas em um mesmo ambiente, existem alternativas para confraternizar em seguran\u00e7a. Siga a leitura para saber como isso \u00e9 poss\u00edvel e conferir algumas dicas.<\/p>\n<h2 id=\"retomada-das-festas-de-fim-de-ano-e-confraterniza%C3%A7%C3%B5es\">Retomada das festas de fim de ano e confraterniza\u00e7\u00f5es<\/h2>\n<h2 id=\"os-n%C3%BAmeros-da-pandemia-t%C3%AAm-se-mostrado-animadores-por-conta-do-avan%C3%A7o-da-vacina%C3%A7%C3%A3o-em-todo-o-brasil-com-isso-aumentam-as-expectativas-sobre-as-festas-de-fim-de-ano-entretanto-como-n%C3%A3o-temos-uma-data-exata-de-quando-a-pandemia-se-dar%C3%A1-por-encerrada-ainda-%C3%A9-preciso-um-pouco-de-cautela\">Os n\u00fameros da pandemia t\u00eam se mostrado animadores por conta do avan\u00e7o da vacina\u00e7\u00e3o em todo o Brasil. Com isso, aumentam as expectativas sobre as festas de fim de ano. Entretanto, como n\u00e3o temos uma data exata de quando a pandemia se dar\u00e1 por encerrada, ainda \u00e9 preciso um pouco de cautela.<\/h2>\n<p>O m\u00eas de dezembro \u00e9 tradicionalmente uma \u00e9poca em que o <a href=\"https:\/\/lets.events\/blog\/tag\/eventos\/\"><strong>mercado de eventos<\/strong><\/a> fica aquecido. S\u00e3o formaturas, confraterniza\u00e7\u00f5es, al\u00e9m das festas de Natal e Ano Novo. Por\u00e9m, \u00e9 importante lembrar que ainda \u00e9 necess\u00e1rio considerar aspectos ligados \u00e0 seguran\u00e7a dos participantes, da equipe e de todos os envolvidos.<\/p>\n<p>De qualquer forma, uma coisa \u00e9 fato, o cen\u00e1rio \u00e9 muito mais favor\u00e1vel do que o do fim do ano de 2020. Isso \u00e9 bastante motivador, n\u00e3o apenas para as pessoas que est\u00e3o ansiosas para se reunirem com amigos e comemorar, mas tamb\u00e9m para os produtores de eventos.<\/p>\n<h2 id=\"8-dicas-para-pensar-em-festas-de-fim-de-ano-no-momento-atual\">8 Dicas para pensar em festas de fim de ano no momento atual<\/h2>\n<p>Em 2020 surgiu a express\u00e3o \u201cnovo normal\u201d para se referir \u00e0 realidade imposta pela pandemia. Ao final de 2021 estamos percebendo que esse novo normal est\u00e1 se transformando e adapta\u00e7\u00f5es t\u00eam sido feitas.<\/p>\n<p>Se meses atr\u00e1s a recomenda\u00e7\u00e3o era que todos ficassem em casa, agora j\u00e1 vemos o relaxamento das medidas de seguran\u00e7a. Por mais que elas ainda sejam necess\u00e1rias, est\u00e3o cada vez menos r\u00edgidas.<\/p>\n<p><a href=\"https:\/\/support.lets.events\/portal\/pt\/kb\/organizadores-de-evento\"><strong>Os organizadores de eventos<\/strong><\/a> que estejam preparando produ\u00e7\u00f5es para o fim de ano devem considerar alguns pontos. Veja quais s\u00e3o eles.<\/p>\n<h3 id=\"1-acompanhe-a-situa%C3%A7%C3%A3o-da-pandemia-na-sua-cidade\">1. Acompanhe a situa\u00e7\u00e3o da pandemia na sua cidade<\/h3>\n<p>Em primeiro lugar, \u00e9 preciso considerar que o Brasil \u00e9 um pa\u00eds extenso com grandes varia\u00e7\u00f5es na situa\u00e7\u00e3o da pandemia. Dessa forma, cada cidade tem as suas pr\u00f3prias determina\u00e7\u00f5es e restri\u00e7\u00f5es.<\/p>\n<p>Para organizar uma festa de fim de ano segura e de sucesso \u00e9 preciso se manter atento aos protocolos da cidade em que o evento ir\u00e1 acontecer. Assim poder\u00e1 oferecer aos participantes uma festa segura e de qualidade.<\/p>\n<h3 id=\"2-atente-se-%C3%A0-capacidade-do-local\">2. Atente-se \u00e0 capacidade do local<\/h3>\n<p><a href=\"https:\/\/lets.events\/blog\/dicas-de-sucesso-para-seu-evento-presencial-como-o-mundo-dos-eventos-tem-se-adaptado\/\"><strong>Um cuidado importante a ser tomado \u00e9 verificar a capacidade do local e reduzir o n\u00famero de pessoas para garantir certo distanciamento<\/strong><\/a>. Aqui vale a regra de verificar os protocolos da cidade e tamb\u00e9m de criar os pr\u00f3prios.<\/p>\n<p>Se for um evento com mesas, \u00e9 v\u00e1lido que fiquem com um bom espa\u00e7o para circula\u00e7\u00e3o de pessoas e evitar a forma\u00e7\u00e3o de aglomera\u00e7\u00f5es. Assim, todos poder\u00e3o se levantar para acompanhar os shows e dan\u00e7ar mantendo a seguran\u00e7a.<\/p>\n<h3 id=\"3-realize-treinamentos-com-a-equipe\">3. Realize treinamentos com a equipe<\/h3>\n<p>Se em uma situa\u00e7\u00e3o normal j\u00e1 \u00e9 importante que a equipe receba um treinamento, no momento em que vivemos isso \u00e9 fundamental. Os colaboradores devem estar preparados para orientar as pessoas e ajud\u00e1-las a seguirem as recomenda\u00e7\u00f5es.<\/p>\n<p>Todos devem usar uniforme ou algo que os diferencie dos demais para facilitar a identifica\u00e7\u00e3o. Al\u00e9m disso, \u00e9 importante que usem boas m\u00e1scaras e realizem a correta higieniza\u00e7\u00e3o das m\u00e3os com \u00e1lcool em gel.<\/p>\n<figure class=\"kg-card kg-image-card kg-card-hascaption\"><img fetchpriority=\"high\" decoding=\"async\" class=\"kg-image\" src=\"https:\/\/lets.events\/blog\/content\/images\/2021\/10\/reuniao-trabalho.jpg\" sizes=\"(min-width: 720px) 720px\" srcset=\"https:\/\/lets.events\/blog\/content\/images\/size\/w600\/2021\/10\/reuniao-trabalho.jpg 600w, https:\/\/lets.events\/blog\/content\/images\/2021\/10\/reuniao-trabalho.jpg 830w\" alt=\"\" width=\"830\" height=\"300\" \/><figcaption>Os n\u00fameros da pandemia t\u00eam se mostrado animadores por conta do avan\u00e7o da vacina\u00e7\u00e3o em todo o Brasil. Com isso, aumentam as expectativas sobre as festas de fim de ano.<\/figcaption><\/figure>\n<h3 id=\"4-informe-os-participantes-sobre-os-protocolos\">4. Informe os participantes sobre os protocolos<\/h3>\n<p>Os participantes do evento devem ser informados sobre os protocolos previamente, de prefer\u00eancia no ato da<a href=\"https:\/\/lets.events\/l\/recursos\/venda-de-ingressos-online\/\"><strong> compra do ingresso<\/strong><\/a>. Assim ir\u00e3o chegar ao local j\u00e1 cientes sobre cuidados, como o uso de m\u00e1scara, distanciamento e higieniza\u00e7\u00e3o das m\u00e3os.<\/p>\n<h3 id=\"5-conte-com-profissionais-para-organizar-a-entrada-e-sa%C3%ADda\">5. Conte com profissionais para organizar a entrada e sa\u00edda<\/h3>\n<p>A organiza\u00e7\u00e3o de um evento come\u00e7a na entrada, nesse sentido, \u00e9 preciso que haja funcion\u00e1rios do lado de fora para organizar a entrada e evitar aglomera\u00e7\u00f5es. \u00c9 v\u00e1lido contar com sinaliza\u00e7\u00e3o no ch\u00e3o para manter uma dist\u00e2ncia segura. O mesmo cuidado deve se repetir na sa\u00edda.<\/p>\n<h3 id=\"6-defina-lugares-para-grupos\">6. Defina lugares para grupos<\/h3>\n<p>Em festas de fim de ano as pessoas costumam ir em grupos e \u00e9 preciso definir lugares para garantir que o distanciamento seja mantido. Quanto melhor for a organiza\u00e7\u00e3o das mesas, maiores s\u00e3o as chances de todos respeitarem.<\/p>\n<p>Se poss\u00edvel, os lugares podem ser marcados com nomes e a quantidade de cadeiras necess\u00e1rias. Esse \u00e9 um formato j\u00e1 utilizado em festas de formatura que facilita muito a disposi\u00e7\u00e3o das pessoas.<\/p>\n<h3 id=\"7-utilize-placas-de-sinaliza%C3%A7%C3%A3o-para-orienta%C3%A7%C3%A3o\">7. Utilize placas de sinaliza\u00e7\u00e3o para orienta\u00e7\u00e3o<\/h3>\n<p>As placas de sinaliza\u00e7\u00e3o s\u00e3o bastante \u00fateis para orientar as pessoas. Por mais que o protocolo seja passado previamente, devemos nos lembrar que se trata de um local de descontra\u00e7\u00e3o, em que muitos se esquecem de certos detalhes.<\/p>\n<p>Dessa maneira, as placas funcionam como lembretes da dist\u00e2ncia a ser mantida, do uso de m\u00e1scara e at\u00e9 mesmo para sinalizar os t\u00f3tens de \u00e1lcool em gel para a higieniza\u00e7\u00e3o das m\u00e3os.<\/p>\n<h3 id=\"8-aten%C3%A7%C3%A3o-especial-aos-alimentos-e-bebidas\">8. Aten\u00e7\u00e3o especial aos alimentos e bebidas<\/h3>\n<p>Os alimentos e bebidas s\u00e3o elementos importantes em festas em geral, especialmente nas de fim de ano, em que \u00e9 uma tradi\u00e7\u00e3o fazer brindes. Existem alguns cuidados que precisam ser tomados nesse sentido para garantir a seguran\u00e7a de todos.<\/p>\n<p>Em primeiro lugar, \u00e9 necess\u00e1rio pensar em como as pessoas ser\u00e3o servidas. Se poss\u00edvel, elas dever\u00e3o permanecer em suas mesas e aguardar a entrega do que foi pedido pela equipe de gar\u00e7ons para evitar uma grande circula\u00e7\u00e3o.<\/p>\n<p>Os pedidos podem ser feitos atrav\u00e9s de um aplicativo ou site acessado via QR code, tamb\u00e9m para evitar o contato com card\u00e1pios que passem de m\u00e3o em m\u00e3o. A tecnologia \u00e9 uma grande aliada da organiza\u00e7\u00e3o de eventos e deve ser explorada.<\/p>\n<p>Viu s\u00f3 como d\u00e1 para produzir festas de fim de ano no momento em que vivemos? <a href=\"https:\/\/lets.events\/l\/sobre\"><strong>Com organiza\u00e7\u00e3o, planejamento e preparo \u00e9 poss\u00edvel proporcionar aos participantes festas divertidas e seguras para encerrar 2021 e receber 2022 <\/strong><\/a>em grande estilo!<\/p>\n","protected":false},"excerpt":{"rendered":"<p>Se meses atr\u00e1s a recomenda\u00e7\u00e3o era que todos ficassem em casa, agora j\u00e1 vemos o relaxamento das medidas de seguran\u00e7a. Por mais que elas ainda sejam necess\u00e1rias, est\u00e3o cada vez menos r\u00edgidas.<\/p>\n","protected":false},"author":1,"featured_media":5090,"comment_status":"open","ping_status":"open","sticky":false,"template":"","format":"standard","meta":{"footnotes":"","jetpack_publicize_message":"","jetpack_is_tweetstorm":false,"jetpack_publicize_feature_enabled":true,"jetpack_social_post_already_shared":false,"jetpack_social_options":[]},"categories":[31],"tags":[12],"class_list":["post-5100","post","type-post","status-publish","format-standard","has-post-thumbnail","hentry","category-passo-a-passo","tag-passo-a-passo"],"jetpack_publicize_connections":[],"yoast_head":"<!-- This site is optimized with the Yoast SEO Premium plugin v21.5 (Yoast SEO v21.5) - https:\/\/yoast.com\/wordpress\/plugins\/seo\/ -->\n<title>Final de ano chegando! Como pensar em festas de fim de ano no momento em que vivemos? - Lets Blog<\/title>\n<meta name=\"description\" content=\"Em 2020 surgiu a express\u00e3o \u201cnovo normal\u201d para se referir \u00e0 realidade imposta pela pandemia. Confira, a seguir, mais detalhes.\" \/>\n<meta name=\"robots\" content=\"index, follow, max-snippet:-1, max-image-preview:large, max-video-preview:-1\" \/>\n<link rel=\"canonical\" href=\"https:\/\/lets.events\/blog\/final-de-ano-chegando-como-pensar-em-festas-de-fim-de-ano-no-momento-em-que-vivemos\/\" \/>\n<meta name=\"twitter:label1\" content=\"Escrito por\" \/>\n\t<meta name=\"twitter:data1\" content=\"admin\" \/>\n\t<meta name=\"twitter:label2\" content=\"Est. tempo de leitura\" \/>\n\t<meta name=\"twitter:data2\" content=\"6 minutos\" \/>\n<script type=\"application\/ld+json\" class=\"yoast-schema-graph\">{\"@context\":\"https:\/\/schema.org\",\"@graph\":[{\"@type\":\"Article\",\"@id\":\"https:\/\/lets.events\/blog\/final-de-ano-chegando-como-pensar-em-festas-de-fim-de-ano-no-momento-em-que-vivemos\/#article\",\"isPartOf\":{\"@id\":\"https:\/\/lets.events\/blog\/final-de-ano-chegando-como-pensar-em-festas-de-fim-de-ano-no-momento-em-que-vivemos\/\"},\"author\":{\"name\":\"admin\",\"@id\":\"https:\/\/lets.events\/blog\/#\/schema\/person\/90389c0bd6952b46e01c28a847a0d212\"},\"headline\":\"Final de ano chegando! Como pensar em festas de fim de ano no momento em que vivemos?\",\"datePublished\":\"2021-10-15T20:07:31+00:00\",\"dateModified\":\"2023-06-15T20:51:15+00:00\",\"mainEntityOfPage\":{\"@id\":\"https:\/\/lets.events\/blog\/final-de-ano-chegando-como-pensar-em-festas-de-fim-de-ano-no-momento-em-que-vivemos\/\"},\"wordCount\":1105,\"commentCount\":0,\"publisher\":{\"@id\":\"https:\/\/lets.events\/blog\/#organization\"},\"keywords\":[\"Passo a Passo\"],\"articleSection\":[\"Passo a Passo\"],\"inLanguage\":\"pt-BR\",\"potentialAction\":[{\"@type\":\"CommentAction\",\"name\":\"Comment\",\"target\":[\"https:\/\/lets.events\/blog\/final-de-ano-chegando-como-pensar-em-festas-de-fim-de-ano-no-momento-em-que-vivemos\/#respond\"]}]},{\"@type\":\"WebPage\",\"@id\":\"https:\/\/lets.events\/blog\/final-de-ano-chegando-como-pensar-em-festas-de-fim-de-ano-no-momento-em-que-vivemos\/\",\"url\":\"https:\/\/lets.events\/blog\/final-de-ano-chegando-como-pensar-em-festas-de-fim-de-ano-no-momento-em-que-vivemos\/\",\"name\":\"Final de ano chegando! Como pensar em festas de fim de ano no momento em que vivemos? - Lets Blog\",\"isPartOf\":{\"@id\":\"https:\/\/lets.events\/blog\/#website\"},\"datePublished\":\"2021-10-15T20:07:31+00:00\",\"dateModified\":\"2023-06-15T20:51:15+00:00\",\"description\":\"Em 2020 surgiu a express\u00e3o \u201cnovo normal\u201d para se referir \u00e0 realidade imposta pela pandemia. Confira, a seguir, mais detalhes.\",\"breadcrumb\":{\"@id\":\"https:\/\/lets.events\/blog\/final-de-ano-chegando-como-pensar-em-festas-de-fim-de-ano-no-momento-em-que-vivemos\/#breadcrumb\"},\"inLanguage\":\"pt-BR\",\"potentialAction\":[{\"@type\":\"ReadAction\",\"target\":[\"https:\/\/lets.events\/blog\/final-de-ano-chegando-como-pensar-em-festas-de-fim-de-ano-no-momento-em-que-vivemos\/\"]}]},{\"@type\":\"BreadcrumbList\",\"@id\":\"https:\/\/lets.events\/blog\/final-de-ano-chegando-como-pensar-em-festas-de-fim-de-ano-no-momento-em-que-vivemos\/#breadcrumb\",\"itemListElement\":[{\"@type\":\"ListItem\",\"position\":1,\"name\":\"In\u00edcio\",\"item\":\"https:\/\/lets.events\/blog\/\"},{\"@type\":\"ListItem\",\"position\":2,\"name\":\"Final de ano chegando! Como pensar em festas de fim de ano no momento em que vivemos?\"}]},{\"@type\":\"WebSite\",\"@id\":\"https:\/\/lets.events\/blog\/#website\",\"url\":\"https:\/\/lets.events\/blog\/\",\"name\":\"Lets Blog\",\"description\":\"As melhores dicas para que o seu evento seja um sucesso! ;)\",\"publisher\":{\"@id\":\"https:\/\/lets.events\/blog\/#organization\"},\"potentialAction\":[{\"@type\":\"SearchAction\",\"target\":{\"@type\":\"EntryPoint\",\"urlTemplate\":\"https:\/\/lets.events\/blog\/?s={search_term_string}\"},\"query-input\":\"required name=search_term_string\"}],\"inLanguage\":\"pt-BR\"},{\"@type\":\"Organization\",\"@id\":\"https:\/\/lets.events\/blog\/#organization\",\"name\":\"Lets.Events\",\"url\":\"https:\/\/lets.events\/blog\/\",\"logo\":{\"@type\":\"ImageObject\",\"inLanguage\":\"pt-BR\",\"@id\":\"https:\/\/lets.events\/blog\/#\/schema\/logo\/image\/\",\"url\":\"https:\/\/lets.events\/blog\/wp-content\/uploads\/2022\/07\/logo-rodape\u0301.png\",\"contentUrl\":\"https:\/\/lets.events\/blog\/wp-content\/uploads\/2022\/07\/logo-rodape\u0301.png\",\"width\":800,\"height\":800,\"caption\":\"Lets.Events\"},\"image\":{\"@id\":\"https:\/\/lets.events\/blog\/#\/schema\/logo\/image\/\"},\"sameAs\":[\"https:\/\/www.facebook.com\/letsevents0\",\"https:\/\/twitter.com\/letsevents0\",\"https:\/\/www.instagram.com\/lets.events\/\",\"https:\/\/www.linkedin.com\/company\/22344358\/admin\/\"]},{\"@type\":\"Person\",\"@id\":\"https:\/\/lets.events\/blog\/#\/schema\/person\/90389c0bd6952b46e01c28a847a0d212\",\"name\":\"admin\",\"image\":{\"@type\":\"ImageObject\",\"inLanguage\":\"pt-BR\",\"@id\":\"https:\/\/lets.events\/blog\/#\/schema\/person\/image\/\",\"url\":\"https:\/\/secure.gravatar.com\/avatar\/3103a7960af8ec53399a3593a444ced1bc03babcefb14e65e58f053256804746?s=96&d=mm&r=g\",\"contentUrl\":\"https:\/\/secure.gravatar.com\/avatar\/3103a7960af8ec53399a3593a444ced1bc03babcefb14e65e58f053256804746?s=96&d=mm&r=g\",\"caption\":\"admin\"},\"sameAs\":[\"https:\/\/landings.lets.events\/blog1\"],\"url\":\"https:\/\/lets.events\/blog\/author\/admin\/\"}]}<\/script>\n<!-- \/ Yoast SEO Premium plugin. -->","yoast_head_json":{"title":"Final de ano chegando! Como pensar em festas de fim de ano no momento em que vivemos? - Lets Blog","description":"Em 2020 surgiu a express\u00e3o \u201cnovo normal\u201d para se referir \u00e0 realidade imposta pela pandemia. Confira, a seguir, mais detalhes.","robots":{"index":"index","follow":"follow","max-snippet":"max-snippet:-1","max-image-preview":"max-image-preview:large","max-video-preview":"max-video-preview:-1"},"canonical":"https:\/\/lets.events\/blog\/final-de-ano-chegando-como-pensar-em-festas-de-fim-de-ano-no-momento-em-que-vivemos\/","twitter_misc":{"Escrito por":"admin","Est. tempo de leitura":"6 minutos"},"schema":{"@context":"https:\/\/schema.org","@graph":[{"@type":"Article","@id":"https:\/\/lets.events\/blog\/final-de-ano-chegando-como-pensar-em-festas-de-fim-de-ano-no-momento-em-que-vivemos\/#article","isPartOf":{"@id":"https:\/\/lets.events\/blog\/final-de-ano-chegando-como-pensar-em-festas-de-fim-de-ano-no-momento-em-que-vivemos\/"},"author":{"name":"admin","@id":"https:\/\/lets.events\/blog\/#\/schema\/person\/90389c0bd6952b46e01c28a847a0d212"},"headline":"Final de ano chegando! Como pensar em festas de fim de ano no momento em que vivemos?","datePublished":"2021-10-15T20:07:31+00:00","dateModified":"2023-06-15T20:51:15+00:00","mainEntityOfPage":{"@id":"https:\/\/lets.events\/blog\/final-de-ano-chegando-como-pensar-em-festas-de-fim-de-ano-no-momento-em-que-vivemos\/"},"wordCount":1105,"commentCount":0,"publisher":{"@id":"https:\/\/lets.events\/blog\/#organization"},"keywords":["Passo a Passo"],"articleSection":["Passo a Passo"],"inLanguage":"pt-BR","potentialAction":[{"@type":"CommentAction","name":"Comment","target":["https:\/\/lets.events\/blog\/final-de-ano-chegando-como-pensar-em-festas-de-fim-de-ano-no-momento-em-que-vivemos\/#respond"]}]},{"@type":"WebPage","@id":"https:\/\/lets.events\/blog\/final-de-ano-chegando-como-pensar-em-festas-de-fim-de-ano-no-momento-em-que-vivemos\/","url":"https:\/\/lets.events\/blog\/final-de-ano-chegando-como-pensar-em-festas-de-fim-de-ano-no-momento-em-que-vivemos\/","name":"Final de ano chegando! Como pensar em festas de fim de ano no momento em que vivemos? - Lets Blog","isPartOf":{"@id":"https:\/\/lets.events\/blog\/#website"},"datePublished":"2021-10-15T20:07:31+00:00","dateModified":"2023-06-15T20:51:15+00:00","description":"Em 2020 surgiu a express\u00e3o \u201cnovo normal\u201d para se referir \u00e0 realidade imposta pela pandemia. Confira, a seguir, mais detalhes.","breadcrumb":{"@id":"https:\/\/lets.events\/blog\/final-de-ano-chegando-como-pensar-em-festas-de-fim-de-ano-no-momento-em-que-vivemos\/#breadcrumb"},"inLanguage":"pt-BR","potentialAction":[{"@type":"ReadAction","target":["https:\/\/lets.events\/blog\/final-de-ano-chegando-como-pensar-em-festas-de-fim-de-ano-no-momento-em-que-vivemos\/"]}]},{"@type":"BreadcrumbList","@id":"https:\/\/lets.events\/blog\/final-de-ano-chegando-como-pensar-em-festas-de-fim-de-ano-no-momento-em-que-vivemos\/#breadcrumb","itemListElement":[{"@type":"ListItem","position":1,"name":"In\u00edcio","item":"https:\/\/lets.events\/blog\/"},{"@type":"ListItem","position":2,"name":"Final de ano chegando! Como pensar em festas de fim de ano no momento em que vivemos?"}]},{"@type":"WebSite","@id":"https:\/\/lets.events\/blog\/#website","url":"https:\/\/lets.events\/blog\/","name":"Lets Blog","description":"As melhores dicas para que o seu evento seja um sucesso! ;)","publisher":{"@id":"https:\/\/lets.events\/blog\/#organization"},"potentialAction":[{"@type":"SearchAction","target":{"@type":"EntryPoint","urlTemplate":"https:\/\/lets.events\/blog\/?s={search_term_string}"},"query-input":"required name=search_term_string"}],"inLanguage":"pt-BR"},{"@type":"Organization","@id":"https:\/\/lets.events\/blog\/#organization","name":"Lets.Events","url":"https:\/\/lets.events\/blog\/","logo":{"@type":"ImageObject","inLanguage":"pt-BR","@id":"https:\/\/lets.events\/blog\/#\/schema\/logo\/image\/","url":"https:\/\/lets.events\/blog\/wp-content\/uploads\/2022\/07\/logo-rodape\u0301.png","contentUrl":"https:\/\/lets.events\/blog\/wp-content\/uploads\/2022\/07\/logo-rodape\u0301.png","width":800,"height":800,"caption":"Lets.Events"},"image":{"@id":"https:\/\/lets.events\/blog\/#\/schema\/logo\/image\/"},"sameAs":["https:\/\/www.facebook.com\/letsevents0","https:\/\/twitter.com\/letsevents0","https:\/\/www.instagram.com\/lets.events\/","https:\/\/www.linkedin.com\/company\/22344358\/admin\/"]},{"@type":"Person","@id":"https:\/\/lets.events\/blog\/#\/schema\/person\/90389c0bd6952b46e01c28a847a0d212","name":"admin","image":{"@type":"ImageObject","inLanguage":"pt-BR","@id":"https:\/\/lets.events\/blog\/#\/schema\/person\/image\/","url":"https:\/\/secure.gravatar.com\/avatar\/3103a7960af8ec53399a3593a444ced1bc03babcefb14e65e58f053256804746?s=96&d=mm&r=g","contentUrl":"https:\/\/secure.gravatar.com\/avatar\/3103a7960af8ec53399a3593a444ced1bc03babcefb14e65e58f053256804746?s=96&d=mm&r=g","caption":"admin"},"sameAs":["https:\/\/landings.lets.events\/blog1"],"url":"https:\/\/lets.events\/blog\/author\/admin\/"}]}},"_links":{"self":[{"href":"https:\/\/lets.events\/blog\/wp-json\/wp\/v2\/posts\/5100","targetHints":{"allow":["GET"]}}],"collection":[{"href":"https:\/\/lets.events\/blog\/wp-json\/wp\/v2\/posts"}],"about":[{"href":"https:\/\/lets.events\/blog\/wp-json\/wp\/v2\/types\/post"}],"author":[{"embeddable":true,"href":"https:\/\/lets.events\/blog\/wp-json\/wp\/v2\/users\/1"}],"replies":[{"embeddable":true,"href":"https:\/\/lets.events\/blog\/wp-json\/wp\/v2\/comments?post=5100"}],"version-history":[{"count":1,"href":"https:\/\/lets.events\/blog\/wp-json\/wp\/v2\/posts\/5100\/revisions"}],"predecessor-version":[{"id":8261,"href":"https:\/\/lets.events\/blog\/wp-json\/wp\/v2\/posts\/5100\/revisions\/8261"}],"wp:featuredmedia":[{"embeddable":true,"href":"https:\/\/lets.events\/blog\/wp-json\/wp\/v2\/media\/5090"}],"wp:attachment":[{"href":"https:\/\/lets.events\/blog\/wp-json\/wp\/v2\/media?parent=5100"}],"wp:term":[{"taxonomy":"category","embeddable":true,"href":"https:\/\/lets.events\/blog\/wp-json\/wp\/v2\/categories?post=5100"},{"taxonomy":"post_tag","embeddable":true,"href":"https:\/\/lets.events\/blog\/wp-json\/wp\/v2\/tags?post=5100"}],"curies":[{"name":"wp","href":"https:\/\/api.w.org\/{rel}","templated":true}]}}